{"id":2155,"date":"2025-05-07T08:03:00","date_gmt":"2025-05-07T08:03:00","guid":{"rendered":"https:\/\/jurec.org\/?p=2155"},"modified":"2025-12-08T18:20:17","modified_gmt":"2025-12-08T18:20:17","slug":"journee-internationale","status":"publish","type":"post","link":"https:\/\/jurec.org\/?p=2155","title":{"rendered":"Gestion des D\u00e9chets"},"content":{"rendered":"\n<!-- Wizard Article JUREC -->\n<style>\n  :root {\n    --green:#0fa87a;\n    --blue:#0a84ff;\n    --bg:#f9fafb;\n    --text:#1f2937;\n    --accent-gradient:linear-gradient(135deg,var(--green),var(--blue));\n    font-family:\"Inter\",sans-serif;\n  }\n\n  .wizard-container {\n    max-width: 900px;\n    margin: 0 auto;\n    padding: 40px 20px;\n    text-align: center;\n  }\n\n  \/* Logo anim\u00e9 *\/\n  .wizard-logo {\n    width: 120px;\n    height: 120px;\n    margin: 20px auto 0;\n    border-radius: 16px;\n    overflow: hidden;\n    box-shadow: 0 6px 18px rgba(0,0,0,0.1);\n    animation: floaty 5s ease-in-out infinite;\n  }\n  .wizard-logo img {\n    width: 100%;\n    height: 100%;\n    object-fit: cover;\n  }\n  @keyframes floaty {\n    0%{transform:translateY(-6px);}\n    50%{transform:translateY(4px);}\n    100%{transform:translateY(-6px);}\n  }\n\n  \/* Wizard \u00e9tapes *\/\n  .wizard-steps {\n    display: none; \/* masqu\u00e9 par d\u00e9faut *\/\n    justify-content: center;\n    margin-bottom: 24px;\n    flex-wrap: wrap;\n    gap: 10px;\n  }\n  .wizard-step-btn {\n    padding: 10px 16px;\n    border-radius: 30px;\n    font-size: 14px;\n    cursor: pointer;\n    background: rgba(15,168,122,0.1);\n    color: var(--green);\n    border: none;\n    transition: all .3s;\n  }\n  .wizard-step-btn.active {\n    background: var(--accent-gradient);\n    color: #fff;\n    box-shadow: 0 4px 12px rgba(0,0,0,0.15);\n    transform: scale(1.05);\n  }\n  .wizard-step-btn:hover {\n    background: var(--accent-gradient);\n    color: #fff;\n  }\n\n  \/* Contenu \u00e9tapes *\/\n  .wizard-content {\n    position: relative;\n    min-height: 200px;\n    margin-bottom: 30px;\n    text-align: left;\n  }\n  .wizard-pane {\n    display: none;\n    background: #fff;\n    border-radius: 14px;\n    padding: 24px;\n    box-shadow: 0 6px 20px rgba(0,0,0,0.08);\n    animation: fadeIn .6s ease;\n    margin-bottom: 20px;\n  }\n  .wizard-pane h2 {\n    color: var(--blue);\n    margin-bottom: 12px;\n    font-size: 20px;\n  }\n  .wizard-pane p {\n    color: var(--text);\n    line-height: 1.6;\n    margin-bottom: 12px;\n  }\n\n  \/* Vue compl\u00e8te *\/\n  .full-content {\n    display: block;\n    text-align: left;\n    background: #fff;\n    border-radius: 14px;\n    padding: 24px;\n    box-shadow: 0 6px 20px rgba(0,0,0,0.08);\n    line-height: 1.6;\n    color: var(--text);\n    white-space: pre-wrap;\n  }\n\n  \/* Boutons actions *\/\n  .action-buttons {\n    display: flex;\n    justify-content: center;\n    gap: 12px;\n    margin: 20px 0;\n  }\n  .toggle-view-btn,\n  .copy-link-btn,\n  .download-btn {\n    padding: 12px 20px;\n    border-radius: 30px;\n    font-size: 14px;\n    font-weight: 600;\n    border: none;\n    cursor: pointer;\n    background: var(--accent-gradient);\n    color: #fff;\n    transition: all .3s;\n    text-decoration: none;\n    display: inline-block;\n  }\n  .toggle-view-btn:hover,\n  .copy-link-btn:hover,\n  .download-btn:hover {\n    transform: translateY(-2px) scale(1.03);\n    box-shadow: 0 6px 14px rgba(0,0,0,0.2);\n  }\n\n  \/* Bloc connexion *\/\n  .auth-reminder {\n    margin-top: 20px;\n    padding: 14px;\n    border-radius: 12px;\n    background: rgba(15,168,122,0.08);\n    font-size: 14px;\n    color: var(--text);\n    text-align: center;\n  }\n  .auth-reminder a {\n    color: var(--blue);\n    font-weight: 600;\n    text-decoration: none;\n  }\n\n  \/* Image mise en avant *\/\n  .featured-image {\n    margin: 20px auto;\n    border-radius: 12px;\n    overflow: hidden;\n    max-width: 100%;\n    height: auto;\n    box-shadow: 0 6px 18px rgba(0,0,0,0.1);\n  }\n  .featured-image img {\n    width: 100%;\n    height: auto;\n    display: block;\n  }\n<\/style>\n\n<div class=\"wizard-container\">\n  <!-- Image mise en avant -->\n  <div class=\"featured-image\">\n    <img decoding=\"async\" src=\"https:\/\/jurec.org\/wp-content\/uploads\/2025\/09\/01JKG5R5FSTNCWA9PWA12PMN01.jpg\" alt=\"Journ\u00e9e z\u00e9ro d\u00e9chet\">\n  <\/div>\n\n  <!-- Titre -->\n  <h1 style=\"font-size:24px; margin-bottom:10px; color:var(--green);\">\n    <a href=\"https:\/\/jurec.org\/journee-internationale\/\" style=\"color:var(--green); text-decoration:none;\">\n      Journ\u00e9e internationale de z\u00e9ro d\u00e9chet: l&rsquo;ONG JUREC appelle \u00e0 une r\u00e9glementation efficace sur la gestion des d\u00e9chets en RDC\n    <\/a>\n  <\/h1>\n  <p style=\"margin-bottom:30px; color:var(--text); font-style:italic;\">30 mars 2025 \u00b7 publi\u00e9 il y a 5 mois<\/p>\n\n  <!-- Boutons actions -->\n  <div class=\"action-buttons\">\n    <button class=\"toggle-view-btn\">\ud83d\udd00 Passer en vue par menu<\/button>\n    <button class=\"copy-link-btn\">\ud83d\udccb Copier le lien<\/button>\n    <a class=\"download-btn\" href=\"https:\/\/jurec.org\/wp-content\/uploads\/2025\/09\/JUREC_COMMUNIQUE-DE-PRESSE-JI_Zero-DECHET-1.pdf\" download>\n      \ud83d\udce5 T\u00e9l\u00e9charger le communiqu\u00e9 (PDF)\n    <\/a>\n  <\/div>\n\n  <!-- \u00c9tapes -->\n  <div class=\"wizard-steps\">\n    <button class=\"wizard-step-btn active\" data-step=\"1\">Introduction<\/button>\n    <button class=\"wizard-step-btn\" data-step=\"2\">Contexte<\/button>\n    <button class=\"wizard-step-btn\" data-step=\"3\">Constat en RDC<\/button>\n    <button class=\"wizard-step-btn\" data-step=\"4\">Recommandations<\/button>\n    <button class=\"wizard-step-btn\" data-step=\"5\">Conclusion<\/button>\n  <\/div>\n\n  <!-- Contenu wizard -->\n  <div class=\"wizard-content\">\n    <!-- Vue compl\u00e8te -->\n    <div class=\"full-content\" id=\"full-content\">\nJourn\u00e9e internationale de z\u00e9ro d\u00e9chet: l&rsquo;ONG JUREC appelle \u00e0 une r\u00e9glementation efficace sur la gestion des d\u00e9chets en RDC\n\nA l\u2019occasion de la journ\u00e9e internationale de Z\u00e9ro d\u00e9chet, c\u00e9l\u00e9br\u00e9e le 30 mars 2025, l\u2019ONG Juristes pour l\u2019Environnement au Congo plaide pour la mise en place d\u2019une r\u00e8glementation sp\u00e9cifique sur la gestion de d\u00e9chet en RDC.\n\nIl y a de cela 03 ans depuis que l\u2019Assembl\u00e9e G\u00e9n\u00e9rale des Nations Unies a d\u00e9cid\u00e9 de faire de la journ\u00e9e du 30 mars de chaque ann\u00e9e, la Journ\u00e9e Internationale de Z\u00e9ro d\u00e9chet et ce, par sa r\u00e9solution 77\/161 adopt\u00e9e le 14 d\u00e9cembre 2022. Particuli\u00e8rement pour la RDC, cette journ\u00e9e est une occasion propice pour tirer l\u2019attention des gouvernants face aux enjeux de l\u2019heure relatif \u00e0 la croissance rapide de la production et de la consommation des d\u00e9chets dont la mauvaise gestion est susceptible de conduire \u00e0 des graves cons\u00e9quences sur la sant\u00e9, l\u2019environnement et l\u2019\u00e9conomie nationale.\n\nBien que la RDC dispose des plusieurs textes qui traitent de mani\u00e8re \u00e9parse la question de gestion des d\u00e9chets \u00e0 diff\u00e9rents niveaux, il y a lieu cependant de faire remarquer que la probl\u00e9matique de gestion des d\u00e9chets demeure encore l\u2019un des principaux d\u00e9fis \u00e0 relever pour l\u2019Etat  congolais, et ce, dans la quasi-majorit\u00e9 du territoire national.\n\nPour l\u2019ONG JUREC, cette situation est tributaire des plusieurs facteurs, notamment l\u2019absence d\u2019une politique et d\u2019une r\u00e8glementation sp\u00e9cifique sur la gestion des d\u00e9chets en RDC qui auraient non seulement d\u00e9fini une vision nationale claire sur la gestion des d\u00e9chets, mais surtout mettre en place des r\u00e8gles n\u00e9cessaires concernant chaque op\u00e9ration de gestion des d\u00e9chets.\n\nFace \u00e0 ce d\u00e9fi, elle a formul\u00e9 quelques recommandations \u00e0 l\u2019\u00e9gard du Gouvernement, du parlement, des organisations de la soci\u00e9t\u00e9 civile, des universit\u00e9s et centres de recherches scientifiques, des Partenaires Techniques et Financiers ainsi qu\u2019au secteur priv\u00e9, \u00e0 travers un communiqu\u00e9 de presse publi\u00e9 en l\u2019occasion de cette journ\u00e9e.\n    <\/div>\n\n    <!-- Wizard \u00e9tapes s\u00e9par\u00e9es -->\n    <div class=\"wizard-pane\" id=\"step-1\">\n      <h2>Introduction<\/h2>\n      <p>A l\u2019occasion de la Journ\u00e9e internationale de Z\u00e9ro d\u00e9chet, c\u00e9l\u00e9br\u00e9e le 30 mars 2025, l\u2019ONG Juristes pour l\u2019Environnement au Congo plaide pour la mise en place d\u2019une r\u00e8glementation sp\u00e9cifique sur la gestion de d\u00e9chet en RDC.<\/p>\n    <\/div>\n    <div class=\"wizard-pane\" id=\"step-2\">\n      <h2>Contexte<\/h2>\n      <p>Il y a de cela 03 ans depuis que l\u2019Assembl\u00e9e G\u00e9n\u00e9rale des Nations Unies a d\u00e9cid\u00e9 de faire de la journ\u00e9e du 30 mars de chaque ann\u00e9e, la Journ\u00e9e Internationale de Z\u00e9ro d\u00e9chet et ce, par sa r\u00e9solution 77\/161 adopt\u00e9e le 14 d\u00e9cembre 2022. Particuli\u00e8rement pour la RDC, cette journ\u00e9e est une occasion propice pour tirer l\u2019attention des gouvernants face aux enjeux de l\u2019heure relatif \u00e0 la croissance rapide de la production et de la consommation des d\u00e9chets dont la mauvaise gestion est susceptible de conduire \u00e0 des graves cons\u00e9quences sur la sant\u00e9, l\u2019environnement et l\u2019\u00e9conomie nationale.<\/p>\n    <\/div>\n    <div class=\"wizard-pane\" id=\"step-3\">\n      <h2>Constat en RDC<\/h2>\n      <p>Bien que la RDC dispose des plusieurs textes qui traitent de mani\u00e8re \u00e9parse la question de gestion des d\u00e9chets \u00e0 diff\u00e9rents niveaux, il y a lieu cependant de faire remarquer que la probl\u00e9matique de gestion des d\u00e9chets demeure encore l\u2019un des principaux d\u00e9fis \u00e0 relever pour l\u2019Etat  congolais, et ce, dans la quasi-majorit\u00e9 du territoire national.<\/p>\n      <p>Pour l\u2019ONG JUREC, cette situation est tributaire des plusieurs facteurs, notamment l\u2019absence d\u2019une politique et d\u2019une r\u00e8glementation sp\u00e9cifique sur la gestion des d\u00e9chets en RDC qui auraient non seulement d\u00e9fini une vision nationale claire sur la gestion des d\u00e9chets, mais surtout mettre en place des r\u00e8gles n\u00e9cessaires concernant chaque op\u00e9ration de gestion des d\u00e9chets.<\/p>\n    <\/div>\n    <div class=\"wizard-pane\" id=\"step-4\">\n      <h2>Recommandations<\/h2>\n      <p>Face \u00e0 ce d\u00e9fi, elle a formul\u00e9 quelques recommandations \u00e0 l\u2019\u00e9gard du Gouvernement, du parlement, des organisations de la soci\u00e9t\u00e9 civile, des universit\u00e9s et centres de recherches scientifiques, des Partenaires Techniques et Financiers ainsi qu\u2019au secteur priv\u00e9, \u00e0 travers un communiqu\u00e9 de presse publi\u00e9 en l\u2019occasion de cette journ\u00e9e.<\/p>\n    <\/div>\n    <div class=\"wizard-pane\" id=\"step-5\">\n      <h2>Conclusion<\/h2>\n      <p>La Journ\u00e9e internationale de Z\u00e9ro d\u00e9chet doit \u00eatre un rappel constant de l\u2019urgence d\u2019instaurer une r\u00e8glementation claire, adapt\u00e9e et contraignante sur la gestion des d\u00e9chets en RDC, afin de prot\u00e9ger la sant\u00e9 publique, pr\u00e9server l\u2019environnement et soutenir l\u2019\u00e9conomie nationale.<\/p>\n    <\/div>\n  <\/div>\n\n  <!-- Rappel connexion -->\n  <div class=\"auth-reminder\">\n    \u2139\ufe0f Certains contenus et documents sont r\u00e9serv\u00e9s aux membres.<br>\n    <a href=\"https:\/\/jurec.org\/account\/\">Connectez-vous ou inscrivez-vous<\/a> pour y acc\u00e9der.\n  <\/div>\n\n  <!-- Logo en bas -->\n  <div class=\"wizard-logo\">\n    <img decoding=\"async\" src=\"https:\/\/jurec.org\/wp-content\/uploads\/2025\/08\/jurec-1.png\" alt=\"Logo JUREC\">\n  <\/div>\n<\/div>\n\n\n","protected":false},"excerpt":{"rendered":"<p>Journ\u00e9e internationale de z\u00e9ro d\u00e9chet: l&rsquo;ONG JUREC appelle \u00e0 une r\u00e9glementation efficace sur la gestion des d\u00e9chets en RDC 30 mars 2025 \u00b7 publi\u00e9 il y a 5 mois \ud83d\udd00 Passer en vue par menu \ud83d\udccb Copier le lien \ud83d\udce5 T\u00e9l\u00e9charger le communiqu\u00e9 (PDF) Introduction Contexte Constat en RDC Recommandations Conclusion Journ\u00e9e internationale de z\u00e9ro [&hellip;]<\/p>\n","protected":false},"author":1,"featured_media":0,"comment_status":"open","ping_status":"open","sticky":false,"template":"","format":"standard","meta":{"footnotes":""},"categories":[1],"tags":[],"class_list":["post-2155","post","type-post","status-publish","format-standard","hentry","category-articles-jurec"],"_links":{"self":[{"href":"https:\/\/jurec.org\/index.php?rest_route=\/wp\/v2\/posts\/2155","targetHints":{"allow":["GET"]}}],"collection":[{"href":"https:\/\/jurec.org\/index.php?rest_route=\/wp\/v2\/posts"}],"about":[{"href":"https:\/\/jurec.org\/index.php?rest_route=\/wp\/v2\/types\/post"}],"author":[{"embeddable":true,"href":"https:\/\/jurec.org\/index.php?rest_route=\/wp\/v2\/users\/1"}],"replies":[{"embeddable":true,"href":"https:\/\/jurec.org\/index.php?rest_route=%2Fwp%2Fv2%2Fcomments&post=2155"}],"version-history":[{"count":3,"href":"https:\/\/jurec.org\/index.php?rest_route=\/wp\/v2\/posts\/2155\/revisions"}],"predecessor-version":[{"id":2803,"href":"https:\/\/jurec.org\/index.php?rest_route=\/wp\/v2\/posts\/2155\/revisions\/2803"}],"wp:attachment":[{"href":"https:\/\/jurec.org\/index.php?rest_route=%2Fwp%2Fv2%2Fmedia&parent=2155"}],"wp:term":[{"taxonomy":"category","embeddable":true,"href":"https:\/\/jurec.org\/index.php?rest_route=%2Fwp%2Fv2%2Fcategories&post=2155"},{"taxonomy":"post_tag","embeddable":true,"href":"https:\/\/jurec.org\/index.php?rest_route=%2Fwp%2Fv2%2Ftags&post=2155"}],"curies":[{"name":"wp","href":"https:\/\/api.w.org\/{rel}","templated":true}]}}